{"id":4639,"date":"2022-04-19T08:53:18","date_gmt":"2022-04-19T08:53:18","guid":{"rendered":"https:\/\/cronos-public-services.be\/youflanders-pour-un-tourisme-sur-dans-son-propre-pays\/"},"modified":"2022-04-19T09:07:07","modified_gmt":"2022-04-19T09:07:07","slug":"youflanders-pour-un-tourisme-sur-dans-son-propre-pays","status":"publish","type":"post","link":"https:\/\/cronos-public-services.be\/fr\/youflanders-pour-un-tourisme-sur-dans-son-propre-pays\/","title":{"rendered":"YouFlanders\u00a0: pour un tourisme s\u00fbr dans son propre pays"},"content":{"rendered":"<section class=\"l-section wpb_row height_large\"><div class=\"l-section-h i-cf\"><div class=\"g-cols vc_row via_grid cols_1 laptops-cols_inherit tablets-cols_inherit mobiles-cols_1 valign_top type_default stacking_default\"><div class=\"wpb_column vc_column_container us_custom_2d3dc229\"><div class=\"vc_column-inner\"><div class=\"g-cols wpb_row via_grid cols_1 laptops-cols_inherit tablets-cols_inherit mobiles-cols_1 valign_top type_default stacking_default\" style=\"--columns-gap:3rem;\"><div class=\"wpb_column vc_column_container\"><div class=\"vc_column-inner\"><div class=\"wpb_text_column\"><div class=\"wpb_wrapper\"><h4>Mars 2020. La pand\u00e9mie a atteint tout le monde, y compris Toerisme Vlaanderen. L&rsquo;activit\u00e9 touristique s&rsquo;est interrompue d&rsquo;une seconde \u00e0 l&rsquo;autre, sans la promesse d&rsquo;une prompte reprise. La crise a soulev\u00e9 de nombreux questionnements, mais Toerisme Vlaanderen a refus\u00e9 de se tourner les pouces et s&rsquo;est imm\u00e9diatement mis en qu\u00eate de r\u00e9ponses et de solutions. Arm\u00e9 d&rsquo;une bonne dose de motivation et de cr\u00e9ativit\u00e9, ils ont affront\u00e9 la plus grande question sans d\u00e9tour\u00a0: comment notre secteur peut-il sortir renforc\u00e9 de ce confinement\u00a0? Une fructueuse collaboration avec Cronos Public Services ne fut pas \u00e9trang\u00e8re \u00e0 leur succ\u00e8s.<\/h4>\n<\/div><\/div><\/div><\/div><\/div><div class=\"w-separator size_large\"><\/div><div class=\"g-cols wpb_row via_grid cols_1 laptops-cols_inherit tablets-cols_inherit mobiles-cols_1 valign_top type_default stacking_default\" style=\"--columns-gap:3rem;\"><div class=\"wpb_column vc_column_container\"><div class=\"vc_column-inner\"><div class=\"wpb_text_column\"><div class=\"wpb_wrapper\"><p><strong>Le fil rouge<\/strong><\/p>\n<p>Une chose \u00e9tait claire depuis le d\u00e9but\u00a0: relancer l&rsquo;activit\u00e9 du secteur touristique au sortir du confinement ne se ferait pas en un claquement de doigts. Mais quels \u00e9taient les probl\u00e8mes concrets, et o\u00f9 se posaient-ils\u00a0? Pour y r\u00e9pondre, Toerisme Vlaanderen a interrog\u00e9 \u00e0 la fin du mois de mars une centaine d&rsquo;acteurs du secteur et en dehors, afin de d\u00e9terminer quels \u00e9taient les besoins concrets d&rsquo;une relance future de son activit\u00e9. Une initiative qui a port\u00e9 ses fruits, car en moins de temps qu&rsquo;il n&rsquo;en faut pour le dire, ils avaient rassembl\u00e9 et envisag\u00e9 trois cents id\u00e9es, souhaits, suggestions et aspirations.<\/p>\n<p>Ce qui en est ressorti\u00a0? Comme ailleurs en Flandre, les acteurs du secteur touristique \u00e9taient surtout \u00e0 la recherche d&rsquo;informations claires et concr\u00e8tes. Qu&rsquo;est-ce qui est possible, et quand\u00a0? Quelles mesures sont d&rsquo;application, et o\u00f9\u00a0? Que dois-je faire en tant que g\u00e9rant si mon h\u00f4tel, mon attraction ou mon restaurant est trop fr\u00e9quent\u00e9\u00a0? Et plus important encore\u00a0: quand un endroit est-il \u00ab\u00a0trop fr\u00e9quent\u00e9\u00a0\u00bb\u00a0?<\/p>\n<p>Toerisme Vlaanderen a rassembl\u00e9 toutes ces r\u00e9ponses sous la forme d&rsquo;une proposition concr\u00e8te : une solution technologique g\u00e9n\u00e9rale pour informer en temps r\u00e9el. Une application non seulement au service du secteur, mais aussi \u00e0 celui des visiteurs, et qui peut \u00eatre exploit\u00e9e aussi bien activement que passivement par l&rsquo;utilisateur.<\/p>\n<\/div><\/div><\/div><\/div><\/div><div class=\"w-separator size_large\"><\/div><div class=\"g-cols wpb_row via_grid cols_1 laptops-cols_inherit tablets-cols_inherit mobiles-cols_1 valign_top type_default stacking_default\" style=\"--columns-gap:3rem;\"><div class=\"wpb_column vc_column_container\"><div class=\"vc_column-inner\"><div class=\"w-image align_center\"><div class=\"w-image-h\"><img decoding=\"async\" width=\"1024\" height=\"577\" data-src=\"https:\/\/cronos-public-services.be\/wp-content\/uploads\/2020\/09\/YouFlanders-1-1024x577-1.jpg\" class=\"attachment-large size-large lazyload\" alt=\"\" data-srcset=\"https:\/\/cronos-public-services.be\/wp-content\/uploads\/2020\/09\/YouFlanders-1-1024x577-1.jpg 1024w, https:\/\/cronos-public-services.be\/wp-content\/uploads\/2020\/09\/YouFlanders-1-1024x577-1-300x169.jpg 300w\" data-sizes=\"auto, (max-width: 1024px) 100vw, 1024px\" src=\"data:image\/svg+xml;base64,PHN2ZyB3aWR0aD0iMSIgaGVpZ2h0PSIxIiB4bWxucz0iaHR0cDovL3d3dy53My5vcmcvMjAwMC9zdmciPjwvc3ZnPg==\" style=\"--smush-placeholder-width: 1024px; --smush-placeholder-aspect-ratio: 1024\/577;\" \/><\/div><\/div><\/div><\/div><\/div><div class=\"w-separator size_large\"><\/div><div class=\"g-cols wpb_row via_grid cols_1 laptops-cols_inherit tablets-cols_inherit mobiles-cols_1 valign_top type_default stacking_default\" style=\"--columns-gap:3rem;\"><div class=\"wpb_column vc_column_container\"><div class=\"vc_column-inner\"><div class=\"wpb_text_column\"><div class=\"wpb_wrapper\"><p><strong>Connecter, informer, inspirer<\/strong><\/p>\n<p>L&rsquo;objectif concret de l&rsquo;application est de connecter, d&rsquo;informer et d&rsquo;inspirer les utilisateurs et les g\u00e9rants des logements et des attractions touristiques. Toute l&rsquo;information touristique pertinente en cette p\u00e9riode de crise sanitaire se trouve sur l&rsquo;application\u00a0: quelle est l&rsquo;affluence au mus\u00e9e X en ce moment\u00a0? Et quelles sont les mesures locales dont je dois tenir compte en tant que visiteur ou g\u00e9rant\u00a0? Gr\u00e2ce \u00e0 cette application qui centralise l&rsquo;information de mani\u00e8re claire et accessible, une relance du secteur touristique pourrait s&rsquo;envisager rapidement et en toute s\u00e9curit\u00e9.<\/p>\n<p>Toerisme Vlaanderen ne manque pas de personnel de talent, mais une expertise adapt\u00e9e manquait au d\u00e9veloppement de l&rsquo;application. Sam Versele, ambassadeur Relations &amp; Recovery Projects chez Toerisme Vlaanderen, t\u00e9moigne\u00a0: \u00ab\u00a0Nous n&rsquo;avions pas de temps \u00e0 perdre, mais nous n&rsquo;avions pas droit \u00e0 l&rsquo;erreur. Heureusement, Cronos Public Services avait la solution, et nous avons pu nous jeter \u00e0 l&rsquo;eau avec les centres de comp\u00e9tence <a href=\"https:\/\/studiohyperdrive.be\/\">Studio Hyperdrive<\/a> et <a href=\"http:\/\/monkeyshot.be\/\">Monkeyshot<\/a>. \u00bb Ils se lanc\u00e8rent alors dans une course contre la montre, puisque l&rsquo;application devait sortir le 8 juin.<\/p>\n<p>&nbsp;<\/p>\n<p><strong>Mieux vaut aujourd&rsquo;hui que demain<\/strong><\/p>\n<p>Ce projet fut loin d&rsquo;\u00eatre simple. Et le processus en \u00e9tait d&rsquo;autant plus contraignant. \u00ab\u00a0La collaboration fut fluide et agr\u00e9able\u00a0\u00bb, raconte Sam Versele. \u00ab\u00a0Nous \u00e9tions tr\u00e8s satisfaits de l&rsquo;\u00e9quipe, et ce sont des collaborateurs fiables et motiv\u00e9s qui ont rendu cette coop\u00e9ration possible.\u00a0\u00bb Nous nous sommes mis au travail imm\u00e9diatement apr\u00e8s quelques entretiens exploratoires, car les contraintes de temps \u00e9taient ph\u00e9nom\u00e9nales, et des d\u00e9lais aussi stricts ne laissent aucune place \u00e0 l&rsquo;erreur.<\/p>\n<p>Heureusement, la combinaison du professionnalisme et de l&rsquo;expertise des deux partenaires a permis de r\u00e9duire les mauvaises surprises \u00e0 un minimum lors du processus de d\u00e9veloppement. \u00ab\u00a0Nous avons strictement d\u00e9fini nos objectifs d\u00e8s le d\u00e9but, afin d&rsquo;\u00e9tablir un plan d&rsquo;action clair et r\u00e9alisable pour tout le monde. Cette initiative a constitu\u00e9 un important facteur de r\u00e9ussite.\u00a0\u00bb<\/p>\n<p>Aussit\u00f4t dit, aussit\u00f4t fait. Au d\u00e9but du mois de juin, la premi\u00e8re version de l&rsquo;application \u00e9tait pr\u00eate \u00e0 \u00eatre pr\u00e9sent\u00e9e \u00e0 la presse.<\/p>\n<p>&nbsp;<\/p>\n<p><strong>Une application pour tous<\/strong><\/p>\n<p>Le d\u00e9veloppement d&rsquo;une application n&rsquo;exige pas seulement de faire attention au contenu, mais \u00e9galement \u00e0 la simplicit\u00e9 d&rsquo;utilisation. Chacun doit pouvoir s&rsquo;y retrouver instinctivement, et l&rsquo;information doit \u00eatre facile \u00e0 consulter. Les personnes handicap\u00e9es doivent donc pouvoir s&rsquo;en servir sans probl\u00e8me \u00e9galement. La protection de la vie priv\u00e9e est tout aussi primordiale. Afin que l&rsquo;utilisateur se sente en s\u00e9curit\u00e9, il doit \u00eatre assur\u00e9 que l&rsquo;application n&rsquo;exploitera ses donn\u00e9es que dans le but pr\u00e9vu.<\/p>\n<p>Ces trois \u00e9l\u00e9ments \u2013 accessibilit\u00e9, convivialit\u00e9 et confidentialit\u00e9 \u2013 constituent l&rsquo;essence m\u00eame de l&rsquo;application. Nous avons oubli\u00e9 quelque chose\u00a0? N&rsquo;h\u00e9sitez pas \u00e0 nous le faire savoir\u00a0!<\/p>\n<p>Ce qui nous am\u00e8ne \u00e0 un autre aspect fondamental de l&rsquo;application\u00a0: l&rsquo;utilisateur doit pouvoir consulter, mais aussi partager l&rsquo;information facilement. L&rsquo;application est interactive\u00a0: chaque utilisateur peut y ajouter de nouvelles donn\u00e9es. Vous vous trouvez dans un endroit sympa mais qui devient soudainement un peu trop sympa\u00a0? Vous pouvez pr\u00e9venir les autres du taux de fr\u00e9quentation du lieu via l&rsquo;application. Celle-ci est r\u00e9guli\u00e8rement mise \u00e0 jour, afin que chacun puisse se tenir au courant des endroits plus ou moins fr\u00e9quent\u00e9s lors d&rsquo;une petite sortie.<\/p>\n<p>Opter pour une application mobile plut\u00f4t que pour un site Web \u00e9tait donc une \u00e9vidence pour Sam et l&rsquo;\u00e9quipe\u00a0: \u00ab\u00a0Le but est que les utilisateurs en route ou sur place puissent la consulter et partager leur exp\u00e9rience. Cela vaut-il le coup d&rsquo;aller \u00e0 cet endroit\u00a0? Quelles sont les mesures qui y sont en vigueur\u00a0? \u00c0 quel point est-il fr\u00e9quent\u00e9\u00a0? Tout le monde doit pouvoir le partager \u00e0 cet endroit, \u00e0 cet instant.\u00a0\u00bb<\/p>\n<\/div><\/div><\/div><\/div><\/div><div class=\"w-separator size_large\"><\/div><div class=\"g-cols wpb_row via_grid cols_1 laptops-cols_inherit tablets-cols_inherit mobiles-cols_1 valign_top type_default stacking_default\" style=\"--columns-gap:3rem;\"><div class=\"wpb_column vc_column_container\"><div class=\"vc_column-inner\"><div class=\"w-image align_center\"><div class=\"w-image-h\"><img decoding=\"async\" width=\"1024\" height=\"819\" data-src=\"https:\/\/cronos-public-services.be\/wp-content\/uploads\/2020\/09\/YouFlanders-4-1024x819-1.jpg\" class=\"attachment-large size-large lazyload\" alt=\"\" data-srcset=\"https:\/\/cronos-public-services.be\/wp-content\/uploads\/2020\/09\/YouFlanders-4-1024x819-1.jpg 1024w, https:\/\/cronos-public-services.be\/wp-content\/uploads\/2020\/09\/YouFlanders-4-1024x819-1-300x240.jpg 300w\" data-sizes=\"auto, (max-width: 1024px) 100vw, 1024px\" src=\"data:image\/svg+xml;base64,PHN2ZyB3aWR0aD0iMSIgaGVpZ2h0PSIxIiB4bWxucz0iaHR0cDovL3d3dy53My5vcmcvMjAwMC9zdmciPjwvc3ZnPg==\" style=\"--smush-placeholder-width: 1024px; --smush-placeholder-aspect-ratio: 1024\/819;\" \/><\/div><\/div><\/div><\/div><\/div><div class=\"w-separator size_large\"><\/div><div class=\"g-cols wpb_row via_grid cols_1 laptops-cols_inherit tablets-cols_inherit mobiles-cols_1 valign_top type_default stacking_default\" style=\"--columns-gap:3rem;\"><div class=\"wpb_column vc_column_container\"><div class=\"vc_column-inner\"><div class=\"wpb_text_column\"><div class=\"wpb_wrapper\"><p>\u00a0<strong>La fin (pas si) proche<\/strong><\/p>\n<p>C&rsquo;est on ne peut plus clair\u00a0: l&rsquo;application couvre une grande partie des questions et des aspirations que les entrepreneurs ont formul\u00e9es d\u00e8s le d\u00e9but du confinement. D\u00e9sormais, le g\u00e9rant peut facilement signaler les mesures qui s&rsquo;appliquent dans votre r\u00e9gion et dans votre h\u00f4tel, votre restaurant ou votre attraction. L&rsquo;application assure la s\u00e9curit\u00e9, mais aussi l&rsquo;inspiration de ses utilisateurs\u00a0: l&rsquo;aper\u00e7u qu&rsquo;elle donne des attractions touristiques de la r\u00e9gion contribue \u00e0 la d\u00e9couverte de perles locales. Nul besoin de se rendre \u00e0 Bali ou \u00e0 New York.<\/p>\n<p>La premi\u00e8re vague de confinement est termin\u00e9e, mais le processus de d\u00e9veloppement de l&rsquo;application est loin de l&rsquo;\u00eatre. D\u00e8s le lancement de la premi\u00e8re version, l&rsquo;\u00e9quipe de Toerisme Vlaanderen et de Cronos s&rsquo;est remise au travail. Depuis, l&rsquo;application propose des cartes thermiques qui indiquent automatiquement le taux de fr\u00e9quentation d&rsquo;un lieu sur base des donn\u00e9es des antennes relais. De nombreux projets sont encore \u00e0 venir\u00a0: le but est avant tout d&rsquo;\u00e9largir le contenu de l&rsquo;application afin qu&rsquo;elle reprenne non seulement les attractions touristiques, mais aussi les beaux endroits de la nature. Les donn\u00e9es qui ont \u00e9t\u00e9 rassembl\u00e9es pour le d\u00e9veloppement de l&rsquo;application peuvent tout \u00e0 fait \u00eatre r\u00e9utilis\u00e9es pour de nouvelles applications \u00e0 l&rsquo;avenir.<\/p>\n<p>La collaboration efficace de Toerisme Vlaanderen et de Cronos fait du processus de production de l&rsquo;application un bel exemple de l&rsquo;importance de la co-cr\u00e9ation. Unir les r\u00e9flexions, inviter des partenaires sp\u00e9cialis\u00e9s \u00e0 contribuer au projet et entamer de nouvelles collaborations a laiss\u00e9 la chance \u00e0 chacun de participer et de s&rsquo;exprimer sur ce qui pouvait encore manquer.<\/p>\n<p>Ils c\u00e9l\u00e8breront bient\u00f4t la r\u00e9ussite du projet autour d&rsquo;un petit verre \u2013 lorsque ce sera \u00e0 nouveau permis.<\/p>\n<\/div><\/div><\/div><\/div><\/div><\/div><\/div><\/div><\/div><\/section>\n","protected":false},"excerpt":{"rendered":"<p>Mars 2020. La pand\u00e9mie a atteint tout le monde, y compris Toerisme Vlaanderen. L&rsquo;activit\u00e9 touristique s&rsquo;est interrompue d&rsquo;une seconde \u00e0 l&rsquo;autre, sans la promesse d&rsquo;une prompte reprise.<\/p>\n","protected":false},"author":8,"featured_media":3981,"comment_status":"closed","ping_status":"open","sticky":false,"template":"","format":"standard","meta":{"_acf_changed":false,"footnotes":""},"categories":[45],"tags":[],"class_list":["post-4639","post","type-post","status-publish","format-standard","has-post-thumbnail","hentry","category-creatif"],"acf":[],"yoast_head":"<!-- This site is optimized with the Yoast SEO plugin v27.5 - https:\/\/yoast.com\/product\/yoast-seo-wordpress\/ -->\n<title>YouFlanders\u00a0: pour un tourisme s\u00fbr dans son propre pays - Cronos Public Services<\/title>\n<meta name=\"robots\" content=\"index, follow, max-snippet:-1, max-image-preview:large, max-video-preview:-1\" \/>\n<link rel=\"canonical\" href=\"https:\/\/cronos-public-services.be\/fr\/youflanders-pour-un-tourisme-sur-dans-son-propre-pays\/\" \/>\n<meta property=\"og:locale\" content=\"fr_FR\" \/>\n<meta property=\"og:type\" content=\"article\" \/>\n<meta property=\"og:title\" content=\"YouFlanders\u00a0: pour un tourisme s\u00fbr dans son propre pays - Cronos Public Services\" \/>\n<meta property=\"og:description\" content=\"Mars 2020. La pand\u00e9mie a atteint tout le monde, y compris Toerisme Vlaanderen. L&#039;activit\u00e9 touristique s&#039;est interrompue d&#039;une seconde \u00e0 l&#039;autre, sans la promesse d&#039;une prompte reprise.\" \/>\n<meta property=\"og:url\" content=\"https:\/\/cronos-public-services.be\/fr\/youflanders-pour-un-tourisme-sur-dans-son-propre-pays\/\" \/>\n<meta property=\"og:site_name\" content=\"Cronos Public Services\" \/>\n<meta property=\"article:published_time\" content=\"2022-04-19T08:53:18+00:00\" \/>\n<meta property=\"article:modified_time\" content=\"2022-04-19T09:07:07+00:00\" \/>\n<meta property=\"og:image\" content=\"https:\/\/cronos-public-services.be\/wp-content\/uploads\/2020\/09\/YouFlanders.jpg\" \/>\n\t<meta property=\"og:image:width\" content=\"1920\" \/>\n\t<meta property=\"og:image:height\" content=\"1080\" \/>\n\t<meta property=\"og:image:type\" content=\"image\/jpeg\" \/>\n<meta name=\"author\" content=\"Usdevelop\" \/>\n<meta name=\"twitter:card\" content=\"summary_large_image\" \/>\n<meta name=\"twitter:label1\" content=\"\u00c9crit par\" \/>\n\t<meta name=\"twitter:data1\" content=\"Usdevelop\" \/>\n\t<meta name=\"twitter:label2\" content=\"Dur\u00e9e de lecture estim\u00e9e\" \/>\n\t<meta name=\"twitter:data2\" content=\"6 minutes\" \/>\n<script type=\"application\/ld+json\" class=\"yoast-schema-graph\">{\"@context\":\"https:\\\/\\\/schema.org\",\"@graph\":[{\"@type\":\"Article\",\"@id\":\"https:\\\/\\\/cronos-public-services.be\\\/fr\\\/youflanders-pour-un-tourisme-sur-dans-son-propre-pays\\\/#article\",\"isPartOf\":{\"@id\":\"https:\\\/\\\/cronos-public-services.be\\\/fr\\\/youflanders-pour-un-tourisme-sur-dans-son-propre-pays\\\/\"},\"author\":{\"name\":\"Usdevelop\",\"@id\":\"https:\\\/\\\/cronos-public-services.be\\\/fr\\\/#\\\/schema\\\/person\\\/1979cbab7ee962565419e0e951d2d87e\"},\"headline\":\"YouFlanders\u00a0: pour un tourisme s\u00fbr dans son propre pays\",\"datePublished\":\"2022-04-19T08:53:18+00:00\",\"dateModified\":\"2022-04-19T09:07:07+00:00\",\"mainEntityOfPage\":{\"@id\":\"https:\\\/\\\/cronos-public-services.be\\\/fr\\\/youflanders-pour-un-tourisme-sur-dans-son-propre-pays\\\/\"},\"wordCount\":1504,\"image\":{\"@id\":\"https:\\\/\\\/cronos-public-services.be\\\/fr\\\/youflanders-pour-un-tourisme-sur-dans-son-propre-pays\\\/#primaryimage\"},\"thumbnailUrl\":\"https:\\\/\\\/cronos-public-services.be\\\/wp-content\\\/uploads\\\/2020\\\/09\\\/YouFlanders.jpg\",\"articleSection\":[\"Cr\u00e9atif\"],\"inLanguage\":\"fr-FR\"},{\"@type\":\"WebPage\",\"@id\":\"https:\\\/\\\/cronos-public-services.be\\\/fr\\\/youflanders-pour-un-tourisme-sur-dans-son-propre-pays\\\/\",\"url\":\"https:\\\/\\\/cronos-public-services.be\\\/fr\\\/youflanders-pour-un-tourisme-sur-dans-son-propre-pays\\\/\",\"name\":\"YouFlanders\u00a0: pour un tourisme s\u00fbr dans son propre pays - Cronos Public Services\",\"isPartOf\":{\"@id\":\"https:\\\/\\\/cronos-public-services.be\\\/fr\\\/#website\"},\"primaryImageOfPage\":{\"@id\":\"https:\\\/\\\/cronos-public-services.be\\\/fr\\\/youflanders-pour-un-tourisme-sur-dans-son-propre-pays\\\/#primaryimage\"},\"image\":{\"@id\":\"https:\\\/\\\/cronos-public-services.be\\\/fr\\\/youflanders-pour-un-tourisme-sur-dans-son-propre-pays\\\/#primaryimage\"},\"thumbnailUrl\":\"https:\\\/\\\/cronos-public-services.be\\\/wp-content\\\/uploads\\\/2020\\\/09\\\/YouFlanders.jpg\",\"datePublished\":\"2022-04-19T08:53:18+00:00\",\"dateModified\":\"2022-04-19T09:07:07+00:00\",\"author\":{\"@id\":\"https:\\\/\\\/cronos-public-services.be\\\/fr\\\/#\\\/schema\\\/person\\\/1979cbab7ee962565419e0e951d2d87e\"},\"breadcrumb\":{\"@id\":\"https:\\\/\\\/cronos-public-services.be\\\/fr\\\/youflanders-pour-un-tourisme-sur-dans-son-propre-pays\\\/#breadcrumb\"},\"inLanguage\":\"fr-FR\",\"potentialAction\":[{\"@type\":\"ReadAction\",\"target\":[\"https:\\\/\\\/cronos-public-services.be\\\/fr\\\/youflanders-pour-un-tourisme-sur-dans-son-propre-pays\\\/\"]}]},{\"@type\":\"ImageObject\",\"inLanguage\":\"fr-FR\",\"@id\":\"https:\\\/\\\/cronos-public-services.be\\\/fr\\\/youflanders-pour-un-tourisme-sur-dans-son-propre-pays\\\/#primaryimage\",\"url\":\"https:\\\/\\\/cronos-public-services.be\\\/wp-content\\\/uploads\\\/2020\\\/09\\\/YouFlanders.jpg\",\"contentUrl\":\"https:\\\/\\\/cronos-public-services.be\\\/wp-content\\\/uploads\\\/2020\\\/09\\\/YouFlanders.jpg\",\"width\":1920,\"height\":1080},{\"@type\":\"BreadcrumbList\",\"@id\":\"https:\\\/\\\/cronos-public-services.be\\\/fr\\\/youflanders-pour-un-tourisme-sur-dans-son-propre-pays\\\/#breadcrumb\",\"itemListElement\":[{\"@type\":\"ListItem\",\"position\":1,\"name\":\"Home\",\"item\":\"https:\\\/\\\/cronos-public-services.be\\\/fr\\\/\"},{\"@type\":\"ListItem\",\"position\":2,\"name\":\"YouFlanders\u00a0: pour un tourisme s\u00fbr dans son propre pays\"}]},{\"@type\":\"WebSite\",\"@id\":\"https:\\\/\\\/cronos-public-services.be\\\/fr\\\/#website\",\"url\":\"https:\\\/\\\/cronos-public-services.be\\\/fr\\\/\",\"name\":\"Cronos Public Services\",\"description\":\"\",\"potentialAction\":[{\"@type\":\"SearchAction\",\"target\":{\"@type\":\"EntryPoint\",\"urlTemplate\":\"https:\\\/\\\/cronos-public-services.be\\\/fr\\\/?s={search_term_string}\"},\"query-input\":{\"@type\":\"PropertyValueSpecification\",\"valueRequired\":true,\"valueName\":\"search_term_string\"}}],\"inLanguage\":\"fr-FR\"},{\"@type\":\"Person\",\"@id\":\"https:\\\/\\\/cronos-public-services.be\\\/fr\\\/#\\\/schema\\\/person\\\/1979cbab7ee962565419e0e951d2d87e\",\"name\":\"Usdevelop\",\"image\":{\"@type\":\"ImageObject\",\"inLanguage\":\"fr-FR\",\"@id\":\"https:\\\/\\\/secure.gravatar.com\\\/avatar\\\/cc8cf9b9e9d5bbe7e8d247907cc9ac8457bbfa2854b52eaddf6529adfe88ceab?s=96&d=mm&r=g\",\"url\":\"https:\\\/\\\/secure.gravatar.com\\\/avatar\\\/cc8cf9b9e9d5bbe7e8d247907cc9ac8457bbfa2854b52eaddf6529adfe88ceab?s=96&d=mm&r=g\",\"contentUrl\":\"https:\\\/\\\/secure.gravatar.com\\\/avatar\\\/cc8cf9b9e9d5bbe7e8d247907cc9ac8457bbfa2854b52eaddf6529adfe88ceab?s=96&d=mm&r=g\",\"caption\":\"Usdevelop\"},\"url\":\"https:\\\/\\\/cronos-public-services.be\\\/fr\\\/author\\\/39840c6a2481f176\\\/\"}]}<\/script>\n<!-- \/ Yoast SEO plugin. -->","yoast_head_json":{"title":"YouFlanders\u00a0: pour un tourisme s\u00fbr dans son propre pays - Cronos Public Services","robots":{"index":"index","follow":"follow","max-snippet":"max-snippet:-1","max-image-preview":"max-image-preview:large","max-video-preview":"max-video-preview:-1"},"canonical":"https:\/\/cronos-public-services.be\/fr\/youflanders-pour-un-tourisme-sur-dans-son-propre-pays\/","og_locale":"fr_FR","og_type":"article","og_title":"YouFlanders\u00a0: pour un tourisme s\u00fbr dans son propre pays - Cronos Public Services","og_description":"Mars 2020. La pand\u00e9mie a atteint tout le monde, y compris Toerisme Vlaanderen. L'activit\u00e9 touristique s'est interrompue d'une seconde \u00e0 l'autre, sans la promesse d'une prompte reprise.","og_url":"https:\/\/cronos-public-services.be\/fr\/youflanders-pour-un-tourisme-sur-dans-son-propre-pays\/","og_site_name":"Cronos Public Services","article_published_time":"2022-04-19T08:53:18+00:00","article_modified_time":"2022-04-19T09:07:07+00:00","og_image":[{"width":1920,"height":1080,"url":"https:\/\/cronos-public-services.be\/wp-content\/uploads\/2020\/09\/YouFlanders.jpg","type":"image\/jpeg"}],"author":"Usdevelop","twitter_card":"summary_large_image","twitter_misc":{"\u00c9crit par":"Usdevelop","Dur\u00e9e de lecture estim\u00e9e":"6 minutes"},"schema":{"@context":"https:\/\/schema.org","@graph":[{"@type":"Article","@id":"https:\/\/cronos-public-services.be\/fr\/youflanders-pour-un-tourisme-sur-dans-son-propre-pays\/#article","isPartOf":{"@id":"https:\/\/cronos-public-services.be\/fr\/youflanders-pour-un-tourisme-sur-dans-son-propre-pays\/"},"author":{"name":"Usdevelop","@id":"https:\/\/cronos-public-services.be\/fr\/#\/schema\/person\/1979cbab7ee962565419e0e951d2d87e"},"headline":"YouFlanders\u00a0: pour un tourisme s\u00fbr dans son propre pays","datePublished":"2022-04-19T08:53:18+00:00","dateModified":"2022-04-19T09:07:07+00:00","mainEntityOfPage":{"@id":"https:\/\/cronos-public-services.be\/fr\/youflanders-pour-un-tourisme-sur-dans-son-propre-pays\/"},"wordCount":1504,"image":{"@id":"https:\/\/cronos-public-services.be\/fr\/youflanders-pour-un-tourisme-sur-dans-son-propre-pays\/#primaryimage"},"thumbnailUrl":"https:\/\/cronos-public-services.be\/wp-content\/uploads\/2020\/09\/YouFlanders.jpg","articleSection":["Cr\u00e9atif"],"inLanguage":"fr-FR"},{"@type":"WebPage","@id":"https:\/\/cronos-public-services.be\/fr\/youflanders-pour-un-tourisme-sur-dans-son-propre-pays\/","url":"https:\/\/cronos-public-services.be\/fr\/youflanders-pour-un-tourisme-sur-dans-son-propre-pays\/","name":"YouFlanders\u00a0: pour un tourisme s\u00fbr dans son propre pays - Cronos Public Services","isPartOf":{"@id":"https:\/\/cronos-public-services.be\/fr\/#website"},"primaryImageOfPage":{"@id":"https:\/\/cronos-public-services.be\/fr\/youflanders-pour-un-tourisme-sur-dans-son-propre-pays\/#primaryimage"},"image":{"@id":"https:\/\/cronos-public-services.be\/fr\/youflanders-pour-un-tourisme-sur-dans-son-propre-pays\/#primaryimage"},"thumbnailUrl":"https:\/\/cronos-public-services.be\/wp-content\/uploads\/2020\/09\/YouFlanders.jpg","datePublished":"2022-04-19T08:53:18+00:00","dateModified":"2022-04-19T09:07:07+00:00","author":{"@id":"https:\/\/cronos-public-services.be\/fr\/#\/schema\/person\/1979cbab7ee962565419e0e951d2d87e"},"breadcrumb":{"@id":"https:\/\/cronos-public-services.be\/fr\/youflanders-pour-un-tourisme-sur-dans-son-propre-pays\/#breadcrumb"},"inLanguage":"fr-FR","potentialAction":[{"@type":"ReadAction","target":["https:\/\/cronos-public-services.be\/fr\/youflanders-pour-un-tourisme-sur-dans-son-propre-pays\/"]}]},{"@type":"ImageObject","inLanguage":"fr-FR","@id":"https:\/\/cronos-public-services.be\/fr\/youflanders-pour-un-tourisme-sur-dans-son-propre-pays\/#primaryimage","url":"https:\/\/cronos-public-services.be\/wp-content\/uploads\/2020\/09\/YouFlanders.jpg","contentUrl":"https:\/\/cronos-public-services.be\/wp-content\/uploads\/2020\/09\/YouFlanders.jpg","width":1920,"height":1080},{"@type":"BreadcrumbList","@id":"https:\/\/cronos-public-services.be\/fr\/youflanders-pour-un-tourisme-sur-dans-son-propre-pays\/#breadcrumb","itemListElement":[{"@type":"ListItem","position":1,"name":"Home","item":"https:\/\/cronos-public-services.be\/fr\/"},{"@type":"ListItem","position":2,"name":"YouFlanders\u00a0: pour un tourisme s\u00fbr dans son propre pays"}]},{"@type":"WebSite","@id":"https:\/\/cronos-public-services.be\/fr\/#website","url":"https:\/\/cronos-public-services.be\/fr\/","name":"Cronos Public Services","description":"","potentialAction":[{"@type":"SearchAction","target":{"@type":"EntryPoint","urlTemplate":"https:\/\/cronos-public-services.be\/fr\/?s={search_term_string}"},"query-input":{"@type":"PropertyValueSpecification","valueRequired":true,"valueName":"search_term_string"}}],"inLanguage":"fr-FR"},{"@type":"Person","@id":"https:\/\/cronos-public-services.be\/fr\/#\/schema\/person\/1979cbab7ee962565419e0e951d2d87e","name":"Usdevelop","image":{"@type":"ImageObject","inLanguage":"fr-FR","@id":"https:\/\/secure.gravatar.com\/avatar\/cc8cf9b9e9d5bbe7e8d247907cc9ac8457bbfa2854b52eaddf6529adfe88ceab?s=96&d=mm&r=g","url":"https:\/\/secure.gravatar.com\/avatar\/cc8cf9b9e9d5bbe7e8d247907cc9ac8457bbfa2854b52eaddf6529adfe88ceab?s=96&d=mm&r=g","contentUrl":"https:\/\/secure.gravatar.com\/avatar\/cc8cf9b9e9d5bbe7e8d247907cc9ac8457bbfa2854b52eaddf6529adfe88ceab?s=96&d=mm&r=g","caption":"Usdevelop"},"url":"https:\/\/cronos-public-services.be\/fr\/author\/39840c6a2481f176\/"}]}},"_links":{"self":[{"href":"https:\/\/cronos-public-services.be\/fr\/wp-json\/wp\/v2\/posts\/4639","targetHints":{"allow":["GET"]}}],"collection":[{"href":"https:\/\/cronos-public-services.be\/fr\/wp-json\/wp\/v2\/posts"}],"about":[{"href":"https:\/\/cronos-public-services.be\/fr\/wp-json\/wp\/v2\/types\/post"}],"author":[{"embeddable":true,"href":"https:\/\/cronos-public-services.be\/fr\/wp-json\/wp\/v2\/users\/8"}],"replies":[{"embeddable":true,"href":"https:\/\/cronos-public-services.be\/fr\/wp-json\/wp\/v2\/comments?post=4639"}],"version-history":[{"count":5,"href":"https:\/\/cronos-public-services.be\/fr\/wp-json\/wp\/v2\/posts\/4639\/revisions"}],"predecessor-version":[{"id":4644,"href":"https:\/\/cronos-public-services.be\/fr\/wp-json\/wp\/v2\/posts\/4639\/revisions\/4644"}],"wp:featuredmedia":[{"embeddable":true,"href":"https:\/\/cronos-public-services.be\/fr\/wp-json\/wp\/v2\/media\/3981"}],"wp:attachment":[{"href":"https:\/\/cronos-public-services.be\/fr\/wp-json\/wp\/v2\/media?parent=4639"}],"wp:term":[{"taxonomy":"category","embeddable":true,"href":"https:\/\/cronos-public-services.be\/fr\/wp-json\/wp\/v2\/categories?post=4639"},{"taxonomy":"post_tag","embeddable":true,"href":"https:\/\/cronos-public-services.be\/fr\/wp-json\/wp\/v2\/tags?post=4639"}],"curies":[{"name":"wp","href":"https:\/\/api.w.org\/{rel}","templated":true}]}}